{"id":2669,"global_id":"pzsbukovec.cz?id=2669","global_id_lineage":["pzsbukovec.cz?id=2669"],"author":"3","status":"publish","date":"2019-01-25 09:33:05","date_utc":"2019-01-25 08:33:05","modified":"2019-01-25 09:39:55","modified_utc":"2019-01-25 08:39:55","url":"https:\/\/pzsbukovec.cz\/?tribe_events=zapisy-do-pierwszej-klasy-2","rest_url":"https:\/\/pzsbukovec.cz\/index.php?rest_route=\/tribe\/events\/v1\/events\/2669","title":"Zapisy do pierwszej klasy","description":"<p>Zapisy do pierwszej klasy odb\u0119d\u0105 si\u0119 9.4.2019 w budynku szko\u0142y.<\/p>\n<p><strong>\u00a0Do zapisu przychodz\u0105 dzieci:<\/strong><\/p>\n<ul>\n<li>kt\u00f3re przed rozpocz\u0119ciem roku szkolnego 2019\/2020 osi\u0105gn\u0105 wiek 6 lat,tzn. urodzone\u00a0 od 01. 09. 2012 do 31. 08. 2013<\/li>\n<li>\u00a0do zapis\u00f3w prosimy zabra\u0107 dow\u00f3d osobisty, metryk\u0119 urodzenia dziecka<\/li>\n<li><strong><u>Informacje na temat odroczenia obowi\u0105zku szkolnego\u00a0<\/u><\/strong><strong>\u00a0<\/strong>\n<ol>\n<li>Rodzice, kt\u00f3rzy zadecydowali o odroczeniu obowi\u0105zku szkolnego dziecka, maj\u0105 obowi\u0105zek zapisa\u0107 dziecko do klasy pierwszej i za\u017c\u0105da\u0107 o odroczenie.<\/li>\n<li>Decyzj\u0119 w sprawie odroczenie obowi\u0105zku szkolnego dziecka podejmuje dyrektor szko\u0142y na podstawie:<\/li>\n<\/ol>\n<ul>\n<li><strong>pisemnego wniosku rodzic\u00f3w (p\u00edsemn\u00e9 \u017e\u00e1dosti)<\/strong><\/li>\n<li><strong>pisemnej opinii lekarza<\/strong>\u00a0(lekarza dzieci\u0119cego lub lekarza specjalisty &#8211; alergologa, kardiologa, neurologa, itp)<\/li>\n<li><strong>pisemnej opiii poradni\u00a0 psychologiczno \u2013 pedagogicznej<\/strong><\/li>\n<\/ul>\n<\/li>\n<\/ul>","excerpt":"","slug":"zapisy-do-pierwszej-klasy-2","image":false,"all_day":false,"start_date":"2019-04-09 08:00:00","start_date_details":{"year":"2019","month":"04","day":"09","hour":"08","minutes":"00","seconds":"00"},"end_date":"2019-04-09 15:30:00","end_date_details":{"year":"2019","month":"04","day":"09","hour":"15","minutes":"30","seconds":"00"},"utc_start_date":"2019-04-09 07:00:00","utc_start_date_details":{"year":"2019","month":"04","day":"09","hour":"07","minutes":"00","seconds":"00"},"utc_end_date":"2019-04-09 14:30:00","utc_end_date_details":{"year":"2019","month":"04","day":"09","hour":"14","minutes":"30","seconds":"00"},"timezone":"UTC+1","timezone_abbr":"UTC+1","cost":"","cost_details":{"currency_symbol":"","currency_position":"prefix","values":[]},"website":"","show_map":false,"show_map_link":false,"hide_from_listings":false,"sticky":false,"featured":false,"categories":[],"tags":[],"venue":[],"organizer":[],"json_ld":{"@context":"http:\/\/schema.org","@type":"Event","name":"Zapisy do pierwszej klasy","description":"&lt;p&gt;Zapisy do pierwszej klasy odb\u0119d\u0105 si\u0119 9.4.2019 w budynku szko\u0142y. \u00a0Do zapisu przychodz\u0105 dzieci: kt\u00f3re przed rozpocz\u0119ciem roku szkolnego 2019\/2020 osi\u0105gn\u0105 wiek 6 lat,tzn. urodzone\u00a0 od 01. 09. 2012 do 31. 08. 2013 \u00a0do zapis\u00f3w prosimy zabra\u0107 dow\u00f3d osobisty, metryk\u0119 urodzenia dziecka Informacje na temat odroczenia obowi\u0105zku szkolnego\u00a0\u00a0 Rodzice, kt\u00f3rzy zadecydowali o odroczeniu obowi\u0105zku szkolnego...&lt;br \/&gt;&lt;a class=&quot;more-link&quot; href=&quot;https:\/\/pzsbukovec.cz\/?tribe_events=zapisy-do-pierwszej-klasy-2&quot;&gt;Continue reading &raquo;&lt;\/a&gt;&lt;\/p&gt;\\n","url":"https:\/\/pzsbukovec.cz\/?tribe_events=zapisy-do-pierwszej-klasy-2","startDate":"2019-04-09 07:00:00","endDate":"2019-04-09 14:30:00"}}