{"id":2721,"global_id":"pzsbukovec.cz?id=2721","global_id_lineage":["pzsbukovec.cz?id=2721"],"author":"3","status":"publish","date":"2019-02-15 14:06:24","date_utc":"2019-02-15 13:06:24","modified":"2019-02-15 14:06:24","modified_utc":"2019-02-15 13:06:24","url":"https:\/\/pzsbukovec.cz\/?tribe_events=spotkanie-rodzicow-przed-wyjazdem-do-zielonej-szkoly","rest_url":"https:\/\/pzsbukovec.cz\/index.php?rest_route=\/tribe\/events\/v1\/events\/2721","title":"Spotkanie rodzic\u00f3w przed wyjazdem do zielonej szko\u0142y","description":"<p>W czwartek 28.2.2019 ob\u0119dzie si\u0119 spotkanie rodzic\u00f3w w sto\u0142\u00f3wce szkolnej\u00a0 \u00a0 \u00a0 \u00a0 \u00a0 \u00a0o godz. 15:30.<\/p>","excerpt":"","slug":"spotkanie-rodzicow-przed-wyjazdem-do-zielonej-szkoly","image":false,"all_day":false,"start_date":"2019-02-28 15:30:00","start_date_details":{"year":"2019","month":"02","day":"28","hour":"15","minutes":"30","seconds":"00"},"end_date":"2019-02-28 17:00:00","end_date_details":{"year":"2019","month":"02","day":"28","hour":"17","minutes":"00","seconds":"00"},"utc_start_date":"2019-02-28 14:30:00","utc_start_date_details":{"year":"2019","month":"02","day":"28","hour":"14","minutes":"30","seconds":"00"},"utc_end_date":"2019-02-28 16:00:00","utc_end_date_details":{"year":"2019","month":"02","day":"28","hour":"16","minutes":"00","seconds":"00"},"timezone":"UTC+1","timezone_abbr":"UTC+1","cost":"","cost_details":{"currency_symbol":"","currency_position":"prefix","values":[]},"website":"","show_map":false,"show_map_link":false,"hide_from_listings":false,"sticky":false,"featured":false,"categories":[],"tags":[],"venue":[],"organizer":[],"json_ld":{"@context":"http:\/\/schema.org","@type":"Event","name":"Spotkanie rodzic\u00f3w przed wyjazdem do zielonej szko\u0142y","description":"&lt;p&gt;W czwartek 28.2.2019 ob\u0119dzie si\u0119 spotkanie rodzic\u00f3w w sto\u0142\u00f3wce szkolnej\u00a0 \u00a0 \u00a0 \u00a0 \u00a0 \u00a0o godz. 15:30.&lt;\/p&gt;\\n","url":"https:\/\/pzsbukovec.cz\/?tribe_events=spotkanie-rodzicow-przed-wyjazdem-do-zielonej-szkoly","startDate":"2019-02-28 14:30:00","endDate":"2019-02-28 16:00:00"}}