{"id":3205,"global_id":"pzsbukovec.cz?id=3205","global_id_lineage":["pzsbukovec.cz?id=3205"],"author":"3","status":"publish","date":"2019-11-18 21:12:33","date_utc":"2019-11-18 20:12:33","modified":"2019-12-02 08:43:31","modified_utc":"2019-12-02 07:43:31","url":"https:\/\/pzsbukovec.cz\/?tribe_events=konkurs-gwar-po-naszymu-po-obu-stronach-olzy-20-11-2019","rest_url":"https:\/\/pzsbukovec.cz\/index.php?rest_route=\/tribe\/events\/v1\/events\/3205","title":"Konkurs Gwar &#8211; Po naszymu po obu stronach Olzy 20.11.2019","description":"<p>W \u015brod\u0119 20.11.2019 nasza szko\u0142a wzi\u0119\u0142a udzia\u0142 w konkursie gwar w Cieszynie. Do Cieszyna pojecha\u0142a \u00f3semka dzieci, wszystkie dzieci by\u0142y bardzo dobrze przygotowane, za co nale\u017cy im si\u0119 wielkie dzi\u0119ki. Jury musia\u0142a wy\u0142oni\u0107 najlepszych z 200 uczestni\u00f3w.\u00a0 Z naszej szko\u0142y najbardziej spodobali si\u0119 Kaja Zo\u0144 oraz Kuba Pyszko. Kaja w swej kategorii zwyci\u0119\u017cy\u0142a a Jakub otrzyma\u0142 wyr\u00f3\u017cnienie.<\/p>\n\n\t\t<style type='text\/css'>\n\t\t\t#gallery-1 {\n\t\t\t\tmargin: auto;\n\t\t\t}\n\t\t\t#gallery-1 .gallery-item {\n\t\t\t\tfloat: left;\n\t\t\t\tmargin-top: 10px;\n\t\t\t\ttext-align: center;\n\t\t\t\twidth: 33%;\n\t\t\t}\n\t\t\t#gallery-1 img {\n\t\t\t\tborder: 2px solid #cfcfcf;\n\t\t\t}\n\t\t\t#gallery-1 .gallery-caption {\n\t\t\t\tmargin-left: 0;\n\t\t\t}\n\t\t\t\/* see gallery_shortcode() in wp-includes\/media.php *\/\n\t\t<\/style>\n\t\t<div id='gallery-1' class='gallery galleryid-0 gallery-columns-3 gallery-size-thumbnail'><dl class='gallery-item'>\n\t\t\t<dt class='gallery-icon landscape'>\n\t\t\t\t<a href='https:\/\/pzsbukovec.cz\/?attachment_id=3216#main'><img width=\"150\" height=\"150\" src=\"https:\/\/pzsbukovec.cz\/wp-content\/uploads\/2019\/11\/001-150x150.jpg\" class=\"attachment-thumbnail size-thumbnail\" alt=\"\" \/><\/a>\n\t\t\t<\/dt><\/dl><dl class='gallery-item'>\n\t\t\t<dt class='gallery-icon landscape'>\n\t\t\t\t<a href='https:\/\/pzsbukovec.cz\/?attachment_id=3217#main'><img width=\"150\" height=\"150\" src=\"https:\/\/pzsbukovec.cz\/wp-content\/uploads\/2019\/11\/002-150x150.jpg\" class=\"attachment-thumbnail size-thumbnail\" alt=\"\" \/><\/a>\n\t\t\t<\/dt><\/dl><dl class='gallery-item'>\n\t\t\t<dt class='gallery-icon landscape'>\n\t\t\t\t<a href='https:\/\/pzsbukovec.cz\/?attachment_id=3218#main'><img width=\"150\" height=\"150\" src=\"https:\/\/pzsbukovec.cz\/wp-content\/uploads\/2019\/11\/003-150x150.jpg\" class=\"attachment-thumbnail size-thumbnail\" alt=\"\" \/><\/a>\n\t\t\t<\/dt><\/dl><br style=\"clear: both\" \/><dl class='gallery-item'>\n\t\t\t<dt class='gallery-icon landscape'>\n\t\t\t\t<a href='https:\/\/pzsbukovec.cz\/?attachment_id=3219#main'><img width=\"150\" height=\"150\" src=\"https:\/\/pzsbukovec.cz\/wp-content\/uploads\/2019\/11\/004-1-150x150.jpg\" class=\"attachment-thumbnail size-thumbnail\" alt=\"\" \/><\/a>\n\t\t\t<\/dt><\/dl><dl class='gallery-item'>\n\t\t\t<dt class='gallery-icon landscape'>\n\t\t\t\t<a href='https:\/\/pzsbukovec.cz\/?attachment_id=3221#main'><img width=\"150\" height=\"150\" src=\"https:\/\/pzsbukovec.cz\/wp-content\/uploads\/2019\/11\/006-150x150.jpg\" class=\"attachment-thumbnail size-thumbnail\" alt=\"\" \/><\/a>\n\t\t\t<\/dt><\/dl><dl class='gallery-item'>\n\t\t\t<dt class='gallery-icon landscape'>\n\t\t\t\t<a href='https:\/\/pzsbukovec.cz\/?attachment_id=3222#main'><img width=\"150\" height=\"150\" src=\"https:\/\/pzsbukovec.cz\/wp-content\/uploads\/2019\/11\/008-150x150.jpg\" class=\"attachment-thumbnail size-thumbnail\" alt=\"\" \/><\/a>\n\t\t\t<\/dt><\/dl><br style=\"clear: both\" \/>\n\t\t<\/div>","excerpt":"","slug":"konkurs-gwar-po-naszymu-po-obu-stronach-olzy-20-11-2019","image":false,"all_day":false,"start_date":"2019-11-20 08:00:00","start_date_details":{"year":"2019","month":"11","day":"20","hour":"08","minutes":"00","seconds":"00"},"end_date":"2019-11-20 15:00:00","end_date_details":{"year":"2019","month":"11","day":"20","hour":"15","minutes":"00","seconds":"00"},"utc_start_date":"2019-11-20 07:00:00","utc_start_date_details":{"year":"2019","month":"11","day":"20","hour":"07","minutes":"00","seconds":"00"},"utc_end_date":"2019-11-20 14:00:00","utc_end_date_details":{"year":"2019","month":"11","day":"20","hour":"14","minutes":"00","seconds":"00"},"timezone":"UTC+1","timezone_abbr":"UTC+1","cost":"","cost_details":{"currency_symbol":"","currency_position":"prefix","values":[]},"website":"","show_map":false,"show_map_link":false,"hide_from_listings":false,"sticky":false,"featured":false,"categories":[{"name":"Kalendarz akcji szkolnych","slug":"kalendarz-akcji-szkolnych","term_group":0,"term_taxonomy_id":8,"taxonomy":"tribe_events_cat","description":"","parent":0,"count":52,"filter":"raw","id":8,"urls":{"self":"https:\/\/pzsbukovec.cz\/index.php?rest_route=\/tribe\/events\/v1\/categories\/8","collection":"https:\/\/pzsbukovec.cz\/index.php?rest_route=\/tribe\/events\/v1\/categories"}}],"tags":[],"venue":[],"organizer":[],"json_ld":{"@context":"http:\/\/schema.org","@type":"Event","name":"Konkurs Gwar &#8211; Po naszymu po obu stronach Olzy 20.11.2019","description":"&lt;p&gt;W \u015brod\u0119 20.11.2019 nasza szko\u0142a wzi\u0119\u0142a udzia\u0142 w konkursie gwar w Cieszynie. Do Cieszyna pojecha\u0142a \u00f3semka dzieci, wszystkie dzieci by\u0142y bardzo dobrze przygotowane, za co nale\u017cy im si\u0119 wielkie dzi\u0119ki. Jury musia\u0142a wy\u0142oni\u0107 najlepszych z 200 uczestni\u00f3w.\u00a0 Z naszej szko\u0142y najbardziej spodobali si\u0119 Kaja Zo\u0144 oraz Kuba Pyszko. Kaja w swej kategorii zwyci\u0119\u017cy\u0142a a Jakub...&lt;br \/&gt;&lt;a class=&quot;more-link&quot; href=&quot;https:\/\/pzsbukovec.cz\/?tribe_events=konkurs-gwar-po-naszymu-po-obu-stronach-olzy-20-11-2019&quot;&gt;Continue reading &raquo;&lt;\/a&gt;&lt;\/p&gt;\\n","url":"https:\/\/pzsbukovec.cz\/?tribe_events=konkurs-gwar-po-naszymu-po-obu-stronach-olzy-20-11-2019","startDate":"2019-11-20 07:00:00","endDate":"2019-11-20 14:00:00"}}