{"id":3333,"global_id":"pzsbukovec.cz?id=3333","global_id_lineage":["pzsbukovec.cz?id=3333"],"author":"3","status":"publish","date":"2020-03-30 10:58:33","date_utc":"2020-03-30 09:58:33","modified":"2020-03-30 11:02:23","modified_utc":"2020-03-30 10:02:23","url":"https:\/\/pzsbukovec.cz\/?tribe_events=zapisy-do-1-klasy-zmiana","rest_url":"https:\/\/pzsbukovec.cz\/index.php?rest_route=\/tribe\/events\/v1\/events\/3333","title":"ZAPISY DO 1. KLASY ZMIANA","description":"<p><span style=\"color: #000000;\">Zapisy do klasy 1. odb\u0119d\u0105 si\u0119 od 1.4.2020 do 9.4.2020.<\/span><\/p>\n<p><span style=\"color: #000000;\">B\u0119d\u0105 przebiega\u0142y tak, \u017ceby do szko\u0142y nie musieli przyj\u015b\u0107 ani rodzice, ani uczniowie.<\/span><\/p>\n<p><span style=\"color: #000000;\">Dzi\u0119kujemy za zrozumienie.<\/span><\/p>\n<p><span style=\"color: #000000;\">Mgr. Ivana Wrona\u00a0<\/span><\/p>\n<p><span style=\"color: #000000;\">dyrektor szko\u0142y\u00a0 \u00a0 \u00a0 \u00a0 \u00a0 \u00a0 \u00a0 \u00a0 \u00a0 \u00a0 \u00a0 \u00a0 \u00a0 \u00a0 \u00a0 \u00a0 \u00a0 \u00a0 \u00a0 \u00a0 \u00a0 \u00a0 \u00a0 \u00a0 \u00a0 \u00a0 \u00a0 \u00a0 \u00a0 \u00a0 \u00a0 \u00a0 \u00a0 \u00a0 \u00a0 \u00a0 \u00a0 \u00a0 \u00a0 \u00a0 \u00a0 \u00a0 \u00a0 \u00a0 \u00a0 \u00a0 \u00a0 \u00a0 \u00a0 \u00a0 \u00a0 \u00a0 \u00a0 \u00a0 \u00a0 \u00a0 \u00a0 \u00a0 \u00a0 \u00a0 \u00a0 \u00a0 \u00a0 \u00a0 \u00a0 \u00a0 \u00a0 \u00a0 \u00a0 \u00a0 \u00a0 \u00a0 \u00a0 \u00a0 \u00a0 \u00a0 \u00a0 \u00a0 \u00a0 \u00a0 \u00a0 \u00a0 \u00a0 \u00a0 \u00a0 \u00a0 \u00a0 \u00a0 \u00a0 \u00a0 \u00a0 \u00a0 \u00a0 \u00a0 \u00a0 \u00a0 \u00a0 \u00a0 \u00a0 \u00a0 \u00a0 \u00a0 \u00a0 \u00a0 \u00a0 \u00a0 \u00a0 \u00a0 \u00a0 \u00a0 \u00a0 \u00a0 \u00a0 \u00a0 \u00a0 \u00a0 \u00a0 \u00a0 \u00a0 \u00a0 \u00a0 \u00a0 \u00a0 \u00a0 \u00a0 \u00a0 \u00a0 \u00a0 \u00a0 \u00a0 \u00a0 \u00a0 \u00a0 \u00a0 \u00a0 \u00a0 \u00a0 \u00a0 \u00a0 \u00a0 \u00a0 \u00a0 \u00a0\u00a0<\/span><span style=\"color: #000000;\">\u00a0\u00a0<\/span><\/p>\n<p><span style=\"color: #000000;\"><a href=\"https:\/\/pzsbukovec.cz\/wp-content\/uploads\/2020\/03\/Zapisy-2020-2021.pdf\">Zapisy 2020 &#8211; 2021<\/a><\/span><\/p>\n<p><span style=\"color: #000000;\"><a href=\"https:\/\/pzsbukovec.cz\/wp-content\/uploads\/2020\/03\/Z\u00e1pisn\u00ed-list.docx\">Z\u00e1pisn\u00ed list<\/a> <\/span><\/p>\n<p><span style=\"color: #000000;\"><a href=\"https:\/\/pzsbukovec.cz\/wp-content\/uploads\/2020\/03\/\u017d\u00e1dost-o-p\u0159ijet\u00ed.docx\">\u017d\u00e1dost o p\u0159ijet\u00ed<\/a><\/span><\/p>","excerpt":"","slug":"zapisy-do-1-klasy-zmiana","image":false,"all_day":false,"start_date":"2020-06-01 08:00:00","start_date_details":{"year":"2020","month":"06","day":"01","hour":"08","minutes":"00","seconds":"00"},"end_date":"2020-08-01 17:00:00","end_date_details":{"year":"2020","month":"08","day":"01","hour":"17","minutes":"00","seconds":"00"},"utc_start_date":"2020-06-01 07:00:00","utc_start_date_details":{"year":"2020","month":"06","day":"01","hour":"07","minutes":"00","seconds":"00"},"utc_end_date":"2020-08-01 16:00:00","utc_end_date_details":{"year":"2020","month":"08","day":"01","hour":"16","minutes":"00","seconds":"00"},"timezone":"UTC+1","timezone_abbr":"UTC+1","cost":"","cost_details":{"currency_symbol":"","currency_position":"prefix","values":[]},"website":"","show_map":false,"show_map_link":false,"hide_from_listings":false,"sticky":false,"featured":false,"categories":[],"tags":[],"venue":[],"organizer":[],"json_ld":{"@context":"http:\/\/schema.org","@type":"Event","name":"ZAPISY DO 1. KLASY ZMIANA","description":"&lt;p&gt;Zapisy do klasy 1. odb\u0119d\u0105 si\u0119 od 1.4.2020 do 9.4.2020. B\u0119d\u0105 przebiega\u0142y tak, \u017ceby do szko\u0142y nie musieli przyj\u015b\u0107 ani rodzice, ani uczniowie. Dzi\u0119kujemy za zrozumienie. Mgr. Ivana Wrona\u00a0 dyrektor szko\u0142y\u00a0 \u00a0 \u00a0 \u00a0 \u00a0 \u00a0 \u00a0 \u00a0 \u00a0 \u00a0 \u00a0 \u00a0 \u00a0 \u00a0 \u00a0 \u00a0 \u00a0 \u00a0 \u00a0 \u00a0 \u00a0 \u00a0 \u00a0 \u00a0 \u00a0...&lt;br \/&gt;&lt;a class=&quot;more-link&quot; href=&quot;https:\/\/pzsbukovec.cz\/?tribe_events=zapisy-do-1-klasy-zmiana&quot;&gt;Continue reading &raquo;&lt;\/a&gt;&lt;\/p&gt;\\n","url":"https:\/\/pzsbukovec.cz\/?tribe_events=zapisy-do-1-klasy-zmiana","startDate":"2020-06-01 07:00:00","endDate":"2020-08-01 16:00:00"}}