{"id":3342,"global_id":"pzsbukovec.cz?id=3342","global_id_lineage":["pzsbukovec.cz?id=3342"],"author":"3","status":"publish","date":"2020-04-16 09:48:40","date_utc":"2020-04-16 08:48:40","modified":"2020-04-29 10:38:30","modified_utc":"2020-04-29 09:38:30","url":"https:\/\/pzsbukovec.cz\/?tribe_events=zapisy-do-przedszkola-zmiana","rest_url":"https:\/\/pzsbukovec.cz\/index.php?rest_route=\/tribe\/events\/v1\/events\/3342","title":"ZAPISY DO PRZEDSZKOLA &#8211; ZMIANA","description":"<p><strong>Zapisy do przedszkola na rok szkolny 2020\/2021 odb\u0119d\u0105 si\u0119 od 4.5. 2020 do 16.5.2020<\/strong><\/p>\n<p><strong>W zwi\u0105zku z pandemi\u0105 koronawirusa, na podstawie wytycznych czeskiego ministerstwa edukacji, dyrekcja Szko\u0142y i Przedszkola z Polskim J\u0119zykiem Nauczania w Bukowcu og\u0142asza nowy hramonogram rekrutacji do Przedszkola w Bukowcu.<\/strong><\/p>\n<ul>\n<li>rekrutacja odb\u0119dzie si\u0119 bez udzia\u0142u dzieci<\/li>\n<li>niezb\u0119dne dokumenty: <strong>wype\u0142niony wniosek o przyj\u0119cie do przedszkole, o\u015bwiadczenie o realizacji obowi\u0105zkowych szczepie\u0144 ochronnych, kopia ksi\u0105\u017ceczki szczepie\u0144 dziecka oraz kserokopia aktu urodzenia dziecka<\/strong><\/li>\n<\/ul>\n<p>Dokumenty prosz\u0119 osobi\u015bcie dostarczy\u0107 do Przedszkola w Bukowcu po wcze\u015bniejszym um\u00f3wieniu terminu &#8211; tel. 792 366 850<\/p>\n<p>&nbsp;<\/p>\n<p>Dzi\u0119kuj\u0119 za zrozumienie.<\/p>\n<p>Mgr. Danuta Lipowska<\/p>\n<p>kierowniczka przedszkola<\/p>\n<p><a href=\"https:\/\/pzsbukovec.cz\/wp-content\/uploads\/2020\/04\/\u010destn\u00e9-prohl\u00e1\u0161en\u00ed-1.docx\">\u010destn\u00e9 prohl\u00e1\u0161en\u00ed<\/a><\/p>\n<p><a href=\"https:\/\/pzsbukovec.cz\/wp-content\/uploads\/2020\/04\/z\u00e1pisn\u00ed-l\u00edstek-2020-1.odt\">z\u00e1pisn\u00ed l\u00edstek 2020<\/a><\/p>","excerpt":"","slug":"zapisy-do-przedszkola-zmiana","image":false,"all_day":false,"start_date":"2020-06-02 08:00:00","start_date_details":{"year":"2020","month":"06","day":"02","hour":"08","minutes":"00","seconds":"00"},"end_date":"2020-08-03 17:00:00","end_date_details":{"year":"2020","month":"08","day":"03","hour":"17","minutes":"00","seconds":"00"},"utc_start_date":"2020-06-02 07:00:00","utc_start_date_details":{"year":"2020","month":"06","day":"02","hour":"07","minutes":"00","seconds":"00"},"utc_end_date":"2020-08-03 16:00:00","utc_end_date_details":{"year":"2020","month":"08","day":"03","hour":"16","minutes":"00","seconds":"00"},"timezone":"UTC+1","timezone_abbr":"UTC+1","cost":"","cost_details":{"currency_symbol":"","currency_position":"prefix","values":[]},"website":"","show_map":false,"show_map_link":false,"hide_from_listings":false,"sticky":false,"featured":false,"categories":[],"tags":[],"venue":[],"organizer":[],"json_ld":{"@context":"http:\/\/schema.org","@type":"Event","name":"ZAPISY DO PRZEDSZKOLA &#8211; ZMIANA","description":"&lt;p&gt;Zapisy do przedszkola na rok szkolny 2020\/2021 odb\u0119d\u0105 si\u0119 od 4.5. 2020 do 16.5.2020 W zwi\u0105zku z pandemi\u0105 koronawirusa, na podstawie wytycznych czeskiego ministerstwa edukacji, dyrekcja Szko\u0142y i Przedszkola z Polskim J\u0119zykiem Nauczania w Bukowcu og\u0142asza nowy hramonogram rekrutacji do Przedszkola w Bukowcu. rekrutacja odb\u0119dzie si\u0119 bez udzia\u0142u dzieci niezb\u0119dne dokumenty: wype\u0142niony wniosek o przyj\u0119cie...&lt;br \/&gt;&lt;a class=&quot;more-link&quot; href=&quot;https:\/\/pzsbukovec.cz\/?tribe_events=zapisy-do-przedszkola-zmiana&quot;&gt;Continue reading &raquo;&lt;\/a&gt;&lt;\/p&gt;\\n","url":"https:\/\/pzsbukovec.cz\/?tribe_events=zapisy-do-przedszkola-zmiana","startDate":"2020-06-02 07:00:00","endDate":"2020-08-03 16:00:00"}}