{"id":3362,"global_id":"pzsbukovec.cz?id=3362","global_id_lineage":["pzsbukovec.cz?id=3362"],"author":"3","status":"publish","date":"2020-05-12 08:47:40","date_utc":"2020-05-12 07:47:40","modified":"2020-05-12 08:55:18","modified_utc":"2020-05-12 07:55:18","url":"https:\/\/pzsbukovec.cz\/?tribe_events=zasady-funkcjonowania-przedszkola-od-18-05-2020","rest_url":"https:\/\/pzsbukovec.cz\/index.php?rest_route=\/tribe\/events\/v1\/events\/3362","title":"ZASADY FUNKCJONOWANIA PRZEDSZKOLA OD 18.05.2020","description":"<ul>\n<li>Przeszkole zostanie otwarte dla dzieci od 18.5.2020, godziny otwarcia wg regulaminu przedszkola: 6:30 \u2013 16:30 godz.<\/li>\n<li>Do przedszkola wchodzimy z zakryt\u0105 buzi\u0105 i nosem maseczk\u0105 lub szalem. Przebywaj\u0105c w przedszkolu nale\u017cy przez ca\u0142y czas dba\u0107, aby mie\u0107 na\u0142o\u017con\u0105 maseczk\u0119 ochronn\u0105 lub szal.<\/li>\n<li>Przed wej\u015bciem do przedszkola zdezynfikujemy d\u0142onie.<\/li>\n<li>Upewnimy si\u0119, \u017ce w przedszkolu nie ma innego rodzica. Je\u015bli tak, to poczekamy przed drzwiami do szatni przedszkola.<\/li>\n<li>Dbamy o 2 metrowe odst\u0119py.<\/li>\n<li>Przebywamy w przedszkolu tylko tyle czasu ile to jest konieczne. (przeka\u017cemy dziecko opiekunowi w maksymalnie kr\u00f3tkim czasie bez zb\u0119dnego przebywania w szatni).<\/li>\n<li>Pami\u0119tamy, aby dziecko nie przynosi\u0142o do przedszkola \u017cadnych zabawek, przedmiot\u00f3w z zewn\u0105trz ani jedzenia.<\/li>\n<li>Pami\u0119tamy, \u017ce w przedszkolu mo\u017ce przebywa\u0107 dziecko, kt\u00f3re jest zdrowe. <strong>Nie ma<\/strong> <strong>kataru, kaszlu, gor\u0105czki, duszno\u015bci, ani nie wyst\u0105pi\u0142y u niego \u017cadne niepokoj\u0105ce objawy chorobowe.<\/strong><\/li>\n<li>Rodzice przynosz\u0105 do przedszkola podpisane <strong>\u201e\u010cestn\u00e9 prohl\u00e1\u0161en\u00ed o neexistenci p\u0159\u00edznak\u016f virov\u00e9ho<\/strong> <strong>infek\u010dn\u00edho onemocn\u011bn\u00ed\u201c<\/strong> pierwszy dzie\u0144 przyj\u015bcia do przedszkola.<\/li>\n<li>W przypadku, gdyby u dziecka podczas pobytu w przedszkolu pojawi\u0142y sie objawy chorobowe, rodzice s\u0105 zobowi\u0105zani do ka\u017cdorazowego odbierania telefonu od opiekun\u00f3w przedszkola i natychmiastowego odebrania dziecka z przedszkola.<\/li>\n<li>Podczas pobytu dziecka w przedszkolu, dziecko nie b\u0119dzie wychodzi\u0142o na spacery.<\/li>\n<li>Op\u0142ata za edukacj\u0119 przedszkoln\u0105 w maju b\u0119dzie o po\u0142ow\u0119 ni\u017csza.<\/li>\n<\/ul>\n<p>W Bukowcu \u00a012.5.2020\u00a0 \u00a0 \u00a0 \u00a0 \u00a0 \u00a0 \u00a0 \u00a0 \u00a0 \u00a0 \u00a0 \u00a0 Mgr. Ivana Wrona<\/p>\n<p><a href=\"https:\/\/pzsbukovec.cz\/wp-content\/uploads\/2020\/05\/\u010cestn\u00e9-prohl\u00e1\u0161en\u00ed-o-neexistenci-p\u0159\u00edznak\u016f-virov\u00e9ho-onemocn\u011bn\u00ed-1.pdf\">\u010cestn\u00e9 prohl\u00e1\u0161en\u00ed o neexistenci p\u0159\u00edznak\u016f virov\u00e9ho onemocn\u011bn\u00ed<\/a><\/p>","excerpt":"","slug":"zasady-funkcjonowania-przedszkola-od-18-05-2020","image":false,"all_day":false,"start_date":"2020-06-03 08:00:00","start_date_details":{"year":"2020","month":"06","day":"03","hour":"08","minutes":"00","seconds":"00"},"end_date":"2020-08-04 17:00:00","end_date_details":{"year":"2020","month":"08","day":"04","hour":"17","minutes":"00","seconds":"00"},"utc_start_date":"2020-06-03 07:00:00","utc_start_date_details":{"year":"2020","month":"06","day":"03","hour":"07","minutes":"00","seconds":"00"},"utc_end_date":"2020-08-04 16:00:00","utc_end_date_details":{"year":"2020","month":"08","day":"04","hour":"16","minutes":"00","seconds":"00"},"timezone":"UTC+1","timezone_abbr":"UTC+1","cost":"","cost_details":{"currency_symbol":"","currency_position":"prefix","values":[]},"website":"","show_map":false,"show_map_link":false,"hide_from_listings":false,"sticky":false,"featured":false,"categories":[],"tags":[],"venue":[],"organizer":[],"json_ld":{"@context":"http:\/\/schema.org","@type":"Event","name":"ZASADY FUNKCJONOWANIA PRZEDSZKOLA OD 18.05.2020","description":"&lt;p&gt;Przeszkole zostanie otwarte dla dzieci od 18.5.2020, godziny otwarcia wg regulaminu przedszkola: 6:30 \u2013 16:30 godz. Do przedszkola wchodzimy z zakryt\u0105 buzi\u0105 i nosem maseczk\u0105 lub szalem. Przebywaj\u0105c w przedszkolu nale\u017cy przez ca\u0142y czas dba\u0107, aby mie\u0107 na\u0142o\u017con\u0105 maseczk\u0119 ochronn\u0105 lub szal. Przed wej\u015bciem do przedszkola zdezynfikujemy d\u0142onie. Upewnimy si\u0119, \u017ce w przedszkolu nie ma...&lt;br \/&gt;&lt;a class=&quot;more-link&quot; href=&quot;https:\/\/pzsbukovec.cz\/?tribe_events=zasady-funkcjonowania-przedszkola-od-18-05-2020&quot;&gt;Continue reading &raquo;&lt;\/a&gt;&lt;\/p&gt;\\n","url":"https:\/\/pzsbukovec.cz\/?tribe_events=zasady-funkcjonowania-przedszkola-od-18-05-2020","startDate":"2020-06-03 07:00:00","endDate":"2020-08-04 16:00:00"}}