{"id":3368,"global_id":"pzsbukovec.cz?id=3368","global_id_lineage":["pzsbukovec.cz?id=3368"],"author":"3","status":"publish","date":"2020-05-13 09:24:03","date_utc":"2020-05-13 08:24:03","modified":"2020-05-13 09:30:29","modified_utc":"2020-05-13 08:30:29","url":"https:\/\/pzsbukovec.cz\/?tribe_events=zasady-funkcjonowania-szkoly-od-25-05-2020-%ef%82%b7-25","rest_url":"https:\/\/pzsbukovec.cz\/index.php?rest_route=\/tribe\/events\/v1\/events\/3368","title":"ZASADY FUNKCJONOWANIA SZKO\u0141Y OD 25.05.2020","description":"<p><strong>25 maja 2020\u00a0 powinni wr\u00f3ci\u0107 do szko\u0142y uczniowie pierwszego stopnia<\/strong>.\u00a0 \u00a0 \u00a0 \u00a0Udzia\u0142 w zaj\u0119ciach edukacyjnych nie jest obowi\u0105zkowy. Dla dzieci, kt\u00f3re zostan\u0105 w domu b\u0119dzie kontynuowana nauka online &#8211;\u00a0 \u00a0 \u00a0w tym samym zakresie co w szkole.<\/p>\n<p>Przed rozpocz\u0119ciem nauki rodzice wype\u0142niaj\u0105 i podpisuj\u0105 o\u015bwiadczenie<\/p>\n<p><strong>\u010cESTN\u00c9 PROHL\u00c1\u0160EN\u00cd O NEEXISTENCI P\u0158\u00cdZNAK\u016e VIROV\u00c9HO INFEK\u010cN\u00cdHO ONEMOCN\u011aN\u00cd<\/strong><\/p>\n<p>Ucze\u0144 dokument przynosi do szko\u0142y w pierwszym dniu rozpocz\u0119cia nauki tj. 25.5.2020.<br \/>\nUWAGA: ucze\u0144 bez tego dokumentu nie mo\u017ce rozpocz\u0105\u0107 nauki w szkole i wraca do domu.<br \/>\n\uf0b7 <strong>Ucz\u0119szczanie do szko\u0142y:<\/strong><br \/>\nWej\u015bcie do budynku szko\u0142y jest dozwolone tylko uczniom (nie jest dozwolone ani rodzicom, ani osobom towarzysz\u0105cym)<br \/>\nUczniowie wchodz\u0105 do budynku szko\u0142y o godz. 7:45. w towarzystwie pracownika szko\u0142y ( przed godz.7:45 uczniowie nie b\u0119d\u0105 wpuszczeni do szko\u0142y ani na teren szkolny).<br \/>\nPo przybyciu do szko\u0142y ucze\u0144 stosuje \u015brodek do dezynfekcji r\u0105k.<br \/>\nNa zaj\u0119cia ucz\u0119szcza tylko zdrowy ucze\u0144 bez jakichkolwiek objaw\u00f3w choroby<br \/>\n( podwy\u017cszona temperatura, katar, kaszel\u2026).W przypadku stwierdzenia choroby ucznia odbiera natychmiast rodzic dziecka.<br \/>\n\uf0b7 <strong>Uczniowie zostali podzieloni do dw\u00f3ch grup<\/strong> ( maksymalnie 15 dzieci w grupie).<br \/>\nSk\u0142ad grup uczni\u00f3w jest ustalony przez szko\u0142\u0119 i pozostaje niezmieniony. Grupy nie b\u0119d\u0105 si\u0119 spotyka\u0107 na zaj\u0119ciach dopo\u0142udniowych (od 8:00 \u2013 12:00), ani na zaj\u0119ciach popo\u0142udniowych (od 12: 00 \u2013 15:00).<\/p>\n<p><strong>Zaj\u0119cia od godz. 8:00 do 12:00<\/strong><br \/>\n1. grupa &#8211; Mgr. H.Kulig<br \/>\n2. grupa &#8211; Mgr.B.Tomanek<br \/>\n<strong>Zaj\u0119cia od godz. 12:00 do 15:00<\/strong><br \/>\n1. grupa &#8211; Mgr. A.Jochymek<\/p>\n<p>\uf0b7 Uczniowie bed\u0105 pojedynczo siedzie\u0107 w \u0142awkach wystarczaj\u0105co od siebie oddalonych.<br \/>\n\uf0b7 Grupa b\u0119dzie mia\u0142a charakter zamkni\u0119ty, co oznacza, \u017ce po utworzeniu grupy jej sk\u0142ad pozostaje niezmieniony do ko\u0144ca spotka\u0144.<br \/>\n\uf0b7 <strong>Obowi\u0105zek noszenia masek:<\/strong><br \/>\nO noszeniu maski w klasie decyduje nauczyciel. Noszenie masek b\u0119dzie obowi\u0105zkowe w klasie podczas zaj\u0119\u0107 w grupach oraz poza klas\u0105 &#8211; tj.we wszystkich innych pomieszczeniach szko\u0142y. Ka\u017cdy ucze\u0144 przynosi z sob\u0105 2 maski oraz woreczek (najlepiej woreczek strunowy- uzavirateln\u00fd ZIP s\u00e1\u010dek) do odk\u0142adania masek. Nie nale\u017cy odk\u0142ada\u0107 zu\u017cytej maski na \u0142awk\u0119, krzes\u0142o, szafk\u0119 itp. Ucze\u0144 stosuje si\u0119 do zasad higienicznych, w przypadku z\u0142amania regu\u0142 zostaje wy\u0142\u0105czony z zaj\u0119\u0107 w szkole.<\/p>\n<p>\uf0b7 <strong>Sto\u0142\u00f3wka szkolna:<\/strong>\u00a0 \u00a0 \u00a0 \u00a0 \u00a0 \u00a0 \u00a0 \u00a0 \u00a0 \u00a0 \u00a0 \u00a0 \u00a0 \u00a0 \u00a0 \u00a0 \u00a0 \u00a0 \u00a0 \u00a0 \u00a0 \u00a0 \u00a0 \u00a0 \u00a0 \u00a0 \u00a0 \u00a0 \u00a0 \u00a0 \u00a0 \u00a0 \u00a0 \u00a0 \u00a0 \u00a0 \u00a0 \u00a0 \u00a0 \u00a0 \u00a0 \u00a0 \u00a0 \u00a0 \u00a0 \u00a0 \u00a0 \u00a0 \u00a0 \u00a0 \u00a0 \u00a0 \u00a0 \u00a0 \u00a0 \u00a0 \u00a0 \u00a0 \u00a0 \u00a0 \u00a0 \u00a0 \u00a0 \u00a0 \u00a0 \u00a0 \u00a0 \u00a0 \u00a0 \u00a0 \u00a0 \u00a0 \u00a0 \u00a0 \u00a0 \u00a0 \u00a0 \u00a0 \u00a0 \u00a0 \u00a0 \u00a0 \u00a0 \u00a0 \u00a0 \u00a0 \u00a0 \u00a0 \u00a0 \u00a0 \u00a0 \u00a0 \u00a0 \u00a0 \u00a0 \u00a0 \u00a0 \u00a0 \u00a0 \u00a0 \u00a0 \u00a0 \u00a0 \u00a0 \u00a0 \u00a0 \u00a0 \u00a0 \u00a0 \u00a0 \u00a0 \u00a0 \u00a0 \u00a0 \u00a0 \u00a0 \u00a0 \u00a0 \u00a0 \u00a0 \u00a0 \u00a0 \u00a0 \u00a0 \u00a0 \u00a0 \u00a0 \u00a0 \u00a0 \u00a0 \u00a0 \u00a0 \u00a0 \u00a0 \u00a0 \u00a0 \u00a0 \u00a0 \u00a0 \u00a0 \u00a0 \u00a0Sto\u0142\u00f3wka szkolna b\u0119dzie czynna dla uczni\u00f3w, ucz\u0119szczaj\u0105cych na zaj\u0119cia do szko\u0142y. Przed wej\u015bciem ucze\u0144 dezynfikuje r\u0119ce, siada na wyznaczonym miejscu i przestrzega zasad bezpiecze\u0144stwa i higieny.<\/p>\n<p>\uf0b7 <strong>\u015awietlica szkolna dla uczni\u00f3w :<\/strong>\u00a0 \u00a0 \u00a0 \u00a0 \u00a0 \u00a0 \u00a0 \u00a0 \u00a0 \u00a0 \u00a0 \u00a0 \u00a0 \u00a0 \u00a0 \u00a0 \u00a0 \u00a0 \u00a0 \u00a0 \u00a0 \u00a0 \u00a0 \u00a0 \u00a0 \u00a0 \u00a0 \u00a0 \u00a0 \u00a0 \u00a0 \u00a0 \u00a0 \u00a0 \u00a0 \u00a0 \u00a0 \u00a0 \u00a0 \u00a0 \u00a0 \u00a0 \u00a0 \u00a0 \u00a0 \u00a0 \u00a0 \u00a0 \u00a0 \u00a0 \u00a0 \u00a0 \u00a0 \u00a0 \u00a0 \u00a0 \u00a0 \u00a0 \u00a0 \u00a0 \u00a0 \u00a0 \u00a0 \u00a0 \u00a0 \u00a0 \u00a0 \u00a0 \u00a0 \u00a0 \u00a0 \u00a0 \u00a0 \u00a0 \u00a0 \u00a0 \u00a0 \u00a0 \u00a0 \u00a0 \u00a0 \u00a0 \u00a0 \u00a0 \u00a0 \u00a0 \u00a0 \u00a0 \u00a0 \u00a0 \u00a0 \u00a0 \u00a0 \u00a0 \u00a0 \u00a0 \u00a0 \u00a0 \u00a0 \u00a0 \u00a0 \u00a0 \u00a0 \u00a0 \u00a0 \u00a0 \u00a0 \u00a0 \u00a0 \u00a0 \u00a0 \u00a0 \u00a0 \u00a0 \u00a0 \u00a0 \u00a0 \u00a0 \u00a0 \u00a0 \u00a0 \u00a0 \u00a0 \u00a0 \u00a0 \u00a0 \u00a0 \u00a0 \u00a0 \u00a0 \u00a0 \u00a0 \u00a0 \u00a0 \u015awietlica szkolna nie b\u0119dzie czynna. Dziecko mo\u017ce zosta\u0107 w szkole po po\u0142udniu do godziny 15:00 (w ramach swojej grupy).<\/p>\n<p>\uf0b7 Uczniowie po sko\u0144czonych zaj\u0119ciach nie przebywaj\u0105 na terenie szko\u0142y ani przed szko\u0142\u0105.\u00a0 \u00a0 \u00a0 \u00a0 \u00a0 \u00a0 \u00a0 \u00a0 \u00a0 \u00a0 \u00a0 \u00a0 \u00a0 \u00a0 \u00a0 \u00a0 \u00a0 \u00a0 \u00a0 \u00a0 \u00a0 \u00a0 \u00a0 \u00a0 \u00a0 \u00a0 \u00a0 \u00a0 \u00a0 \u00a0 \u00a0 \u00a0 \u00a0 \u00a0 \u00a0 \u00a0 \u00a0 \u00a0 \u00a0 \u00a0 \u00a0 \u00a0 \u00a0 \u00a0 \u00a0 \u00a0 \u00a0 \u00a0 \u00a0 \u00a0 \u00a0 \u00a0 \u00a0 \u00a0 \u00a0 \u00a0 \u00a0 \u00a0 \u00a0 \u00a0 \u00a0 \u00a0 \u00a0 \u00a0 \u00a0 \u00a0 \u00a0 \u00a0 \u00a0 \u00a0 \u00a0 \u00a0 \u00a0 \u00a0 \u00a0 \u00a0 \u00a0 \u00a0 \u00a0 \u00a0 \u00a0 \u00a0 \u00a0 \u00a0 \u00a0 \u00a0 \u00a0 \u00a0 \u00a0 \u00a0 \u00a0 \u00a0 \u00a0Ivana Wrona dyrektor szko\u0142y<\/p>\n<p><a href=\"https:\/\/pzsbukovec.cz\/wp-content\/uploads\/2020\/05\/\u010cestn\u00e9-prohl\u00e1\u0161en\u00ed-o-neexistenci-p\u0159\u00edznak\u016f-virov\u00e9ho-onemocn\u011bn\u00ed-2.pdf\">\u010cestn\u00e9 prohl\u00e1\u0161en\u00ed o neexistenci p\u0159\u00edznak\u016f virov\u00e9ho onemocn\u011bn\u00ed<\/a><\/p>","excerpt":"","slug":"zasady-funkcjonowania-szkoly-od-25-05-2020-%ef%82%b7-25","image":false,"all_day":false,"start_date":"2020-06-21 08:00:00","start_date_details":{"year":"2020","month":"06","day":"21","hour":"08","minutes":"00","seconds":"00"},"end_date":"2020-08-24 17:00:00","end_date_details":{"year":"2020","month":"08","day":"24","hour":"17","minutes":"00","seconds":"00"},"utc_start_date":"2020-06-21 07:00:00","utc_start_date_details":{"year":"2020","month":"06","day":"21","hour":"07","minutes":"00","seconds":"00"},"utc_end_date":"2020-08-24 16:00:00","utc_end_date_details":{"year":"2020","month":"08","day":"24","hour":"16","minutes":"00","seconds":"00"},"timezone":"UTC+1","timezone_abbr":"UTC+1","cost":"","cost_details":{"currency_symbol":"","currency_position":"prefix","values":[]},"website":"","show_map":false,"show_map_link":false,"hide_from_listings":false,"sticky":false,"featured":false,"categories":[],"tags":[],"venue":[],"organizer":[],"json_ld":{"@context":"http:\/\/schema.org","@type":"Event","name":"ZASADY FUNKCJONOWANIA SZKO\u0141Y OD 25.05.2020","description":"&lt;p&gt;25 maja 2020\u00a0 powinni wr\u00f3ci\u0107 do szko\u0142y uczniowie pierwszego stopnia.\u00a0 \u00a0 \u00a0 \u00a0Udzia\u0142 w zaj\u0119ciach edukacyjnych nie jest obowi\u0105zkowy. Dla dzieci, kt\u00f3re zostan\u0105 w domu b\u0119dzie kontynuowana nauka online -\u00a0 \u00a0 \u00a0w tym samym zakresie co w szkole. Przed rozpocz\u0119ciem nauki rodzice wype\u0142niaj\u0105 i podpisuj\u0105 o\u015bwiadczenie \u010cESTN\u00c9 PROHL\u00c1\u0160EN\u00cd O NEEXISTENCI P\u0158\u00cdZNAK\u016e VIROV\u00c9HO INFEK\u010cN\u00cdHO ONEMOCN\u011aN\u00cd Ucze\u0144...&lt;br \/&gt;&lt;a class=&quot;more-link&quot; href=&quot;https:\/\/pzsbukovec.cz\/?tribe_events=zasady-funkcjonowania-szkoly-od-25-05-2020-%ef%82%b7-25&quot;&gt;Continue reading &raquo;&lt;\/a&gt;&lt;\/p&gt;\\n","url":"https:\/\/pzsbukovec.cz\/?tribe_events=zasady-funkcjonowania-szkoly-od-25-05-2020-%ef%82%b7-25","startDate":"2020-06-21 07:00:00","endDate":"2020-08-24 16:00:00"}}