{"id":5090,"global_id":"pzsbukovec.cz?id=5090","global_id_lineage":["pzsbukovec.cz?id=5090"],"author":"3","status":"publish","date":"2023-11-22 08:46:18","date_utc":"2023-11-22 07:46:18","modified":"2023-11-22 08:56:06","modified_utc":"2023-11-22 07:56:06","url":"https:\/\/pzsbukovec.cz\/?tribe_events=5090","rest_url":"https:\/\/pzsbukovec.cz\/index.php?rest_route=\/tribe\/events\/v1\/events\/5090","title":"STRAJK  OSTRZEGAWCZY 27. 11. 2023","description":"<hr \/>\n<p><img src=\"https:\/\/pzsjablunkov.cz\/content\/other\/aktual\/2023_11\/tnb\/19683-logo_stavky.png\" \/><\/p>\n<p>&nbsp;<\/p>\n<p>Szanowni rodzice,<\/p>\n<p>informujemy, i\u017c wszyscy pracownicy naszej \u00a0plac\u00f3wki w\u0142\u0105cz\u0105 si\u0119 do<strong>\u00a0strajku ostrzegawczego, w poniedzia\u0142ek 27.11. 2023<\/strong>\u00a0przedszkole, szko\u0142a oraz\u00a0\u015bwietlica szkolna\u00a0 <strong>b\u0119d\u0105 nieczynne.<\/strong><\/p>\n<p>Mamy \u015bwiadomo\u015b\u0107, \u017ce zamkni\u0119cie szko\u0142y spowoduje Wam komplikacje. Jednak ten krok nie dotyczy tylko nas nauczycieli, ale przede wszystkim innych pracownik\u00f3w szko\u0142y (sprz\u0105taczki, wo\u017ane, kucharki, ksi\u0119gowe) oraz og\u00f3lnej niezr\u00f3wnowa\u017conej sytuacji w systemie szkolnictwa.<\/p>\n<p>Dzi\u0119kujemy za zrozumienie.<\/p>\n<p>PSP Bukowiec<\/p>\n<p><a href=\"https:\/\/pzsbukovec.cz\/wp-content\/uploads\/2023\/11\/list-rodzicom.doc\">List rodzicom<\/a><\/p>\n<p>&nbsp;<\/p>","excerpt":"","slug":"5090","image":false,"all_day":false,"start_date":"2023-11-27 08:00:00","start_date_details":{"year":"2023","month":"11","day":"27","hour":"08","minutes":"00","seconds":"00"},"end_date":"2023-11-27 17:00:00","end_date_details":{"year":"2023","month":"11","day":"27","hour":"17","minutes":"00","seconds":"00"},"utc_start_date":"2023-11-27 07:00:00","utc_start_date_details":{"year":"2023","month":"11","day":"27","hour":"07","minutes":"00","seconds":"00"},"utc_end_date":"2023-11-27 16:00:00","utc_end_date_details":{"year":"2023","month":"11","day":"27","hour":"16","minutes":"00","seconds":"00"},"timezone":"UTC+1","timezone_abbr":"UTC+1","cost":"","cost_details":{"currency_symbol":"","currency_position":"prefix","values":[]},"website":"","show_map":false,"show_map_link":false,"hide_from_listings":false,"sticky":false,"featured":false,"categories":[{"name":"Kalendarz akcji szkolnych","slug":"kalendarz-akcji-szkolnych","term_group":0,"term_taxonomy_id":8,"taxonomy":"tribe_events_cat","description":"","parent":0,"count":52,"filter":"raw","id":8,"urls":{"self":"https:\/\/pzsbukovec.cz\/index.php?rest_route=\/tribe\/events\/v1\/categories\/8","collection":"https:\/\/pzsbukovec.cz\/index.php?rest_route=\/tribe\/events\/v1\/categories"}}],"tags":[],"venue":[],"organizer":[],"json_ld":{"@context":"http:\/\/schema.org","@type":"Event","name":"STRAJK  OSTRZEGAWCZY 27. 11. 2023","description":"&lt;p&gt;&nbsp; Szanowni rodzice, informujemy, i\u017c wszyscy pracownicy naszej \u00a0plac\u00f3wki w\u0142\u0105cz\u0105 si\u0119 do\u00a0strajku ostrzegawczego, w poniedzia\u0142ek 27.11. 2023\u00a0przedszkole, szko\u0142a oraz\u00a0\u015bwietlica szkolna\u00a0 b\u0119d\u0105 nieczynne. Mamy \u015bwiadomo\u015b\u0107, \u017ce zamkni\u0119cie szko\u0142y spowoduje Wam komplikacje. Jednak ten krok nie dotyczy tylko nas nauczycieli, ale przede wszystkim innych pracownik\u00f3w szko\u0142y (sprz\u0105taczki, wo\u017ane, kucharki, ksi\u0119gowe) oraz og\u00f3lnej niezr\u00f3wnowa\u017conej sytuacji w systemie szkolnictwa....&lt;br \/&gt;&lt;a class=&quot;more-link&quot; href=&quot;https:\/\/pzsbukovec.cz\/?tribe_events=5090&quot;&gt;Continue reading &raquo;&lt;\/a&gt;&lt;\/p&gt;\\n","url":"https:\/\/pzsbukovec.cz\/?tribe_events=5090","startDate":"2023-11-27 07:00:00","endDate":"2023-11-27 16:00:00"}}